{"id":904,"date":"2010-08-11T19:18:37","date_gmt":"2010-08-11T18:18:37","guid":{"rendered":"https:\/\/userblogs.fu-berlin.de\/migrationen\/?p=904"},"modified":"2012-10-22T09:31:53","modified_gmt":"2012-10-22T08:31:53","slug":"freiheit-atmen","status":"publish","type":"post","link":"https:\/\/userblogs.fu-berlin.de\/migrationen\/?p=904","title":{"rendered":"Freiheit atmen"},"content":{"rendered":"<p><a href=\"https:\/\/userblogs.fu-berlin.de\/migrationen\/?page_id=684\"><img loading=\"lazy\" decoding=\"async\" class=\"alignleft size-medium wp-image-29\" style=\"margin: 5px\" src=\"https:\/\/userblogs.fu-berlin.de\/migrationen\/files\/2010\/08\/zz1.jpg\" alt=\"\" width=\"150\" height=\"112\" \/><\/a>Saida (25) aus Russland, begann ihren Weg in Deutschland als Au-Pair-M\u00e4dchen in der kleinen norddeutschen Stadt Emden. Jetzt studiert sie Film- und Politikwissenschaft an der Freien Universit\u00e4t Berlin. Noch kann sie sich nicht als echte Berlinerin bezeichnen, aber langsam kommt dieses Gef\u00fchl. Um ein paar Fragen zu stellen, treffen wir uns in einem kleinem Berliner Pub, wo Saida sich etwas hinzuverdient. <a href=\"https:\/\/userblogs.fu-berlin.de\/migrationen\/?page_id=684\">[zum Artikel]<\/a><\/p>\n","protected":false},"excerpt":{"rendered":"<p>Saida (25) aus Russland, begann ihren Weg in Deutschland als Au-Pair-M\u00e4dchen in der kleinen norddeutschen Stadt Emden. Jetzt studiert sie Film- und Politikwissenschaft an der Freien Universit\u00e4t Berlin. Noch kann sie sich nicht als echte Berlinerin bezeichnen, aber langsam kommt dieses Gef\u00fchl. Um ein paar Fragen zu stellen, treffen wir uns in einem kleinem Berliner &hellip; <a href=\"https:\/\/userblogs.fu-berlin.de\/migrationen\/?p=904\" class=\"more-link\"><span class=\"screen-reader-text\">\u201eFreiheit atmen\u201c<\/span> weiterlesen<\/a><\/p>\n","protected":false},"author":715,"featured_media":0,"comment_status":"closed","ping_status":"open","sticky":false,"template":"","format":"standard","meta":{"footnotes":""},"categories":[1],"tags":[],"class_list":["post-904","post","type-post","status-publish","format-standard","hentry","category-allgemein"],"_links":{"self":[{"href":"https:\/\/userblogs.fu-berlin.de\/migrationen\/index.php?rest_route=\/wp\/v2\/posts\/904","targetHints":{"allow":["GET"]}}],"collection":[{"href":"https:\/\/userblogs.fu-berlin.de\/migrationen\/index.php?rest_route=\/wp\/v2\/posts"}],"about":[{"href":"https:\/\/userblogs.fu-berlin.de\/migrationen\/index.php?rest_route=\/wp\/v2\/types\/post"}],"author":[{"embeddable":true,"href":"https:\/\/userblogs.fu-berlin.de\/migrationen\/index.php?rest_route=\/wp\/v2\/users\/715"}],"replies":[{"embeddable":true,"href":"https:\/\/userblogs.fu-berlin.de\/migrationen\/index.php?rest_route=%2Fwp%2Fv2%2Fcomments&post=904"}],"version-history":[{"count":4,"href":"https:\/\/userblogs.fu-berlin.de\/migrationen\/index.php?rest_route=\/wp\/v2\/posts\/904\/revisions"}],"predecessor-version":[{"id":980,"href":"https:\/\/userblogs.fu-berlin.de\/migrationen\/index.php?rest_route=\/wp\/v2\/posts\/904\/revisions\/980"}],"wp:attachment":[{"href":"https:\/\/userblogs.fu-berlin.de\/migrationen\/index.php?rest_route=%2Fwp%2Fv2%2Fmedia&parent=904"}],"wp:term":[{"taxonomy":"category","embeddable":true,"href":"https:\/\/userblogs.fu-berlin.de\/migrationen\/index.php?rest_route=%2Fwp%2Fv2%2Fcategories&post=904"},{"taxonomy":"post_tag","embeddable":true,"href":"https:\/\/userblogs.fu-berlin.de\/migrationen\/index.php?rest_route=%2Fwp%2Fv2%2Ftags&post=904"}],"curies":[{"name":"wp","href":"https:\/\/api.w.org\/{rel}","templated":true}]}}