{"id":969,"date":"2010-09-13T15:19:52","date_gmt":"2010-09-13T14:19:52","guid":{"rendered":"https:\/\/userblogs.fu-berlin.de\/migrationen\/?p=969"},"modified":"2012-10-22T09:31:53","modified_gmt":"2012-10-22T08:31:53","slug":"editorial","status":"publish","type":"post","link":"https:\/\/userblogs.fu-berlin.de\/migrationen\/?p=969","title":{"rendered":"Editorial"},"content":{"rendered":"<h2><img loading=\"lazy\" decoding=\"async\" class=\"size-medium wp-image-29 alignright\" style=\"margin: 5px\" src=\"https:\/\/userblogs.fu-berlin.de\/migrationen\/files\/2010\/03\/fu_logo.gif\" alt=\"Sonnenuntergang\" width=\"100\" height=\"104\" \/>Medienkrise und Selbstzensur<\/h2>\n<p><em>Journalisten aus Armenien, Russland und den USA am Internationalen Journalisten-Kolleg<\/em><\/p>\n<p>Wie erleben amerikanische Journalisten die Medienkrise? Ist es wirklich gef\u00e4hrlich in Russland als Journalist zu arbeiten? Diese und viele andere Fragen zur Entwicklung der Medien, zur beruflichen Ethik und zum praktischen Journalismus haben in diesem Jahr junge Journalisten aus Osteuropa und amerikanische Journalistik-Studenten aus den USA am <a href=\"https:\/\/www.polsoz.fu-berlin.de\/kommwiss\/institut\/journalistenkolleg\/index.html\" target=\"_blank\">Internationalen Journalisten-Kolleg<\/a> diskutiert. Sie sind Teilnehmer der Programme \u201e<a href=\"https:\/\/www.polsoz.fu-berlin.de\/kommwiss\/institut\/journalistenkolleg\/jil\/index.html\" target=\"_blank\">Journalisten International<\/a>\u201c und \u201e<a href=\"https:\/\/www.polsoz.fu-berlin.de\/kommwiss\/institut\/journalistenkolleg\/internXchange\/index.html\" target=\"_blank\">internXchange<\/a>\u201c.<\/p>\n<p>Seit zehn Jahren kommen Journalisten aus der ehemaligen Sowjetunion f\u00fcr drei Monate nach Berlin, seit drei Jahren auch Medienmacher aus den USA.<\/p>\n<p>Sie nehmen an Seminaren und Exkursionen teil, lernen auf einer Reise den deutschen F\u00f6deralismus kennen und absolvieren Praktika in Berliner und Brandenburger Medienunternehmen.<\/p>\n<p>Im Vorfeld ihres Praktikums haben sich die amerikanischen Journalisten und ihre Kollegen aus Russland und Armenien mit praktischen \u00dcbungen auf die Arbeit in den Redaktionen vorbereitet. In diesem Rahmen haben sie Artikel f\u00fcr eine gemeinsame Brosch\u00fcre geschrieben und Beitr\u00e4ge f\u00fcr Radio und Fernsehen produziert. Unter der gro\u00dfen \u00dcberschrift \u201eMigrationen\u201c sind die internationalen Nachwuchsjournalisten dem vielf\u00e4ltigen Verst\u00e4ndnis von Wanderung nachgesp\u00fcrt. Ob \u00fcber L\u00e4ndergrenzen, vom Land in die Gro\u00dfstadt oder einfach das Zur\u00fcckziehen in sich selbst: Russen und Amerikaner haben in und um Berlin recherchiert, fotografiert, gefilmt und geschrieben. Alle Beitr\u00e4ge mit vielen Fotos gibt es online in diesem Blog.<\/p>\n<p style=\"text-align: right\">Ulrike Butmaloiu<\/p>\n","protected":false},"excerpt":{"rendered":"<p>Medienkrise und Selbstzensur Journalisten aus Armenien, Russland und den USA am Internationalen Journalisten-Kolleg Wie erleben amerikanische Journalisten die Medienkrise? Ist es wirklich gef\u00e4hrlich in Russland als Journalist zu arbeiten? Diese und viele andere Fragen zur Entwicklung der Medien, zur beruflichen Ethik und zum praktischen Journalismus haben in diesem Jahr junge Journalisten aus Osteuropa und amerikanische &hellip; <a href=\"https:\/\/userblogs.fu-berlin.de\/migrationen\/?p=969\" class=\"more-link\"><span class=\"screen-reader-text\">\u201eEditorial\u201c<\/span> weiterlesen<\/a><\/p>\n","protected":false},"author":715,"featured_media":0,"comment_status":"closed","ping_status":"open","sticky":false,"template":"","format":"standard","meta":{"footnotes":""},"categories":[1],"tags":[],"class_list":["post-969","post","type-post","status-publish","format-standard","hentry","category-allgemein"],"_links":{"self":[{"href":"https:\/\/userblogs.fu-berlin.de\/migrationen\/index.php?rest_route=\/wp\/v2\/posts\/969","targetHints":{"allow":["GET"]}}],"collection":[{"href":"https:\/\/userblogs.fu-berlin.de\/migrationen\/index.php?rest_route=\/wp\/v2\/posts"}],"about":[{"href":"https:\/\/userblogs.fu-berlin.de\/migrationen\/index.php?rest_route=\/wp\/v2\/types\/post"}],"author":[{"embeddable":true,"href":"https:\/\/userblogs.fu-berlin.de\/migrationen\/index.php?rest_route=\/wp\/v2\/users\/715"}],"replies":[{"embeddable":true,"href":"https:\/\/userblogs.fu-berlin.de\/migrationen\/index.php?rest_route=%2Fwp%2Fv2%2Fcomments&post=969"}],"version-history":[{"count":7,"href":"https:\/\/userblogs.fu-berlin.de\/migrationen\/index.php?rest_route=\/wp\/v2\/posts\/969\/revisions"}],"predecessor-version":[{"id":972,"href":"https:\/\/userblogs.fu-berlin.de\/migrationen\/index.php?rest_route=\/wp\/v2\/posts\/969\/revisions\/972"}],"wp:attachment":[{"href":"https:\/\/userblogs.fu-berlin.de\/migrationen\/index.php?rest_route=%2Fwp%2Fv2%2Fmedia&parent=969"}],"wp:term":[{"taxonomy":"category","embeddable":true,"href":"https:\/\/userblogs.fu-berlin.de\/migrationen\/index.php?rest_route=%2Fwp%2Fv2%2Fcategories&post=969"},{"taxonomy":"post_tag","embeddable":true,"href":"https:\/\/userblogs.fu-berlin.de\/migrationen\/index.php?rest_route=%2Fwp%2Fv2%2Ftags&post=969"}],"curies":[{"name":"wp","href":"https:\/\/api.w.org\/{rel}","templated":true}]}}