{"id":527,"date":"2014-06-16T00:23:15","date_gmt":"2014-06-15T22:23:15","guid":{"rendered":"https:\/\/userblogs.fu-berlin.de\/sonia\/?p=527"},"modified":"2014-06-16T00:26:16","modified_gmt":"2014-06-15T22:26:16","slug":"527","status":"publish","type":"post","link":"https:\/\/userblogs.fu-berlin.de\/sonia\/2014\/06\/16\/527\/","title":{"rendered":""},"content":{"rendered":"<p><strong>Meer\/ Salzwasser, Sonne und die lieben Haare<\/strong><\/p>\n<p>Ich bin vor kurzem von 12 Tagen Entspannungsurlaub auf <a href=\"https:\/\/de.wikipedia.org\/wiki\/Kreta\" target=\"_blank\">Kreta \u039a\u03c1\u03ae\u03c4\u03b7<\/a>, Griechenland zur\u00fcckgekehrt. Wir waren im S\u00fcden der Insel, genauer in <a href=\"https:\/\/de.wikipedia.org\/wiki\/Pitsidia\" target=\"_blank\">Pitsidia \u03a0\u03b9\u03c4\u03c3\u03af\u03b4\u03b9\u03b1<\/a>. Fast t\u00e4glich haben wir kurze Ausfl\u00fcge in die Umgebung unternommen, sind viel umhergewandert und ich bin auch oft ins Meer gesprungen.<\/p>\n<p>Haartechnisch habe ich mir vorgenommen, meinem Credo &#8222;so wenig wie m\u00f6glich, so viel wie n\u00f6tig&#8220; zu folgen. Im Vorlauf habe ich Seife leider ausschlie\u00dfen m\u00fcssen. Denn: was macht Langhaar als Erstes, wenn es bald in den Urlaub geht? Richtig, Wasserh\u00e4rte recherchieren. :kicher: <img decoding=\"async\" alt=\"tumblr_inline_mgpj60DEcs1qdlkyg.gif\" src=\"https:\/\/media.tumblr.com\/46866d1f7c67b93a4b35e6cb8736ba4a\/tumblr_inline_mgpj60DEcs1qdlkyg.gif\" \/><\/p>\n<p><a href=\"https:\/\/www.aquaspender.de\/Haertegrade.htm\" target=\"_blank\">Hier<\/a> eine gute Tabelle zu den Wasserh\u00e4rten allgemein. In meinem Urlaubsort betr\u00e4gt sie <span style=\"text-decoration: underline\">36 Grad dH<\/span>, also hart. Zum Vergleich: mein Wohnort liegt bei <span style=\"text-decoration: underline\">14 bis 20 Grad dH<\/span>, mittelhart. Der Urlaubsort ist aber gut die doppelte H\u00e4rte wie mein Wohnort. Da ich Zuhause schon &#8222;zu oft&#8220; Probleme mit Kalkseife habe, hatte ich keine Lust, auch im Urlaub mehrfach zu Rinsen. Deshalb hat Faulheit gesiegt und in meinen Koffer kamen nur<\/p>\n<ul>\n<li>LAVERA Mandel + Hammamelis Sensitiv Shampoo<\/li>\n<li>BWS<\/li>\n<li>Holzkamm<\/li>\n<li><a href=\"https:\/\/www.langhaarnetzwerk.de\/phpBB3\/viewtopic.php?p=2172599#p2172599\" target=\"_blank\">Niffi&#8217;s Lila<\/a>, f\u00fcr den K\u00f6rper. Den Rest habe ich dann an der Gastgeberin dagelassen *alle mit Seifenw\u00e4sche anfix* Muahahaha&#8230;<\/li>\n<\/ul>\n<p>Eulen nach Athen repektive (Oliven)\u00f6l nach Kreta mitnehmen brauchte ich wirklich nicht. Ich habe mir dort f\u00fcr weniger als 2\u20ac eine billige Plastiksch\u00fcssel gekauft und mit Leitungswasser sowie dem Shampoo gewaschen. Anschlie\u00dfend gut \u00d6l eingeknetet und BWS in die Spitzen- fertig!<\/p>\n<p>Im Forum gibt es schon diverse Threads zu Meer\/ Salzwasser:<\/p>\n<ul>\n<li><a href=\"https:\/\/www.langhaarnetzwerk.de\/phpBB3\/viewtopic.php?t=6130\" target=\"_blank\">Salzwasser vs. Schuppen<\/a><\/li>\n<li><a href=\"https:\/\/www.langhaarnetzwerk.de\/phpBB3\/viewtopic.php?t=17955&amp;start=15\" target=\"_blank\">Ist Meerwasser doch gut f\u00fcr die Haare?<\/a><\/li>\n<li><a href=\"https:\/\/www.langhaarnetzwerk.de\/phpBB3\/viewtopic.php?f=21&amp;t=21386\" target=\"_blank\">PP von m\u00e4h<\/a> (wohnt auf La Palma, Kanaren)<\/li>\n<li><a href=\"https:\/\/www.langhaarnetzwerk.de\/phpBB3\/viewtopic.php?f=21&amp;t=12816\" target=\"_blank\">PP von feuer300<\/a> (wohnt auf Mallorca)<\/li>\n<li>(etwas verlassenes) <a href=\"https:\/\/www.langhaarnetzwerk.de\/phpBB3\/viewtopic.php?f=21&amp;t=14487\" target=\"_blank\">PP von Esperanza<\/a> (wohnt auf den Kanarischen Inseln)<\/li>\n<li><a href=\"https:\/\/www.langhaarnetzwerk.de\/phpBB3\/viewtopic.php?f=21&amp;t=20350\" target=\"_blank\">PP von verita<\/a> (wohnt auf Lanzarote, Kanaren)<\/li>\n<li>Tipps aus <a href=\"https:\/\/www.langhaarnetzwerk.de\/phpBB3\/viewtopic.php?p=96996#p96996\" target=\"_blank\">Shennah&#8217;s PP<\/a> zum Urlaub auf Kreta<\/li>\n<\/ul>\n<p>Frisch nach dem Meer, luftgetrocknet &#8212; \u00d6lkur und Sonne<\/p>\n<p><img decoding=\"async\" alt=\"MA4ajwB.jpg?1\" src=\"https:\/\/i.imgur.com\/MA4ajwB.jpg?1\" \/> &#8212; <img decoding=\"async\" alt=\"LuFzgah.jpg?1\" src=\"https:\/\/i.imgur.com\/LuFzgah.jpg?1\" \/><\/p>\n<p>Spannend fand ich, dass meine Haare von Salzwasser richtig wellig wurden. Vorn in den Stufen haben sie sich teilweise fast gekringelt! Mein Freund fand das sch\u00f6n.<\/p>\n<p>Nicht nur \u00d6l, sondern auch Seife wird auf Kreta hergestellt. Ein gro\u00dfes Seifenzentrum im S\u00fcden liegt in den Bergen, in <a href=\"https:\/\/de.wikipedia.org\/wiki\/Spili\" target=\"_blank\">Spili \u03a3\u03c0\u03ae\u03bb\u03b9<\/a>. Nat\u00fcrlich mussten wir hin! Ich habe mich f\u00fcr knapp \u20ac8 mit Seife eingedeckt, das waren 5 St\u00fcck. Nat\u00fcrlich k\u00f6nnen die nicht alle f\u00fcr mich sein&#8230;! Oder? :^o :pfeif:<\/p>\n<p>Besonders toll fand ich eine Oliven-Schwefelseife&#8230; die \u00dcF wei\u00df ich leider nicht, weil unsere Begleitung das auch nicht auf Griechisch wusste und das Englisch auch nicht ausreichte. Ich habs sie mal auf gut Gl\u00fcck mitgenommen. Und Schwefelseife kriegt man auch nicht alle Tage, oder? Soll ja besonders toll sein f\u00fcr die Haut, dann kann&#8217;s den Haaren nicht schaden.<\/p>\n<p><img decoding=\"async\" alt=\"d3AOC6r.jpg\" src=\"https:\/\/i.imgur.com\/d3AOC6r.jpg\" \/><\/p>\n<p>Meine gesamte Ausbeute (\u00e4hm, drapiert mit Steinen aus dem <a href=\"https:\/\/ferienhaus-kreta.eu\/ausflugstipps-1\/agios-pavlos\/\" target=\"_blank\">Agios Pavlos \u0386\u03b3\u03b9\u03bf\u03c2 \u03a0\u03b1\u03cd\u03bb\u03bf\u03c2<\/a>) &#8211; abgebildet sind 4 St\u00fccken Seife:<\/p>\n<p><img decoding=\"async\" alt=\"DTyuZIj.jpg?1\" src=\"https:\/\/i.imgur.com\/DTyuZIj.jpg?1\" \/><\/p>\n<p>obere Reihe (auf dem Teller):<\/p>\n<ul>\n<li>Olive-Schwefel (2x gekauft)<\/li>\n<li>Honig-Milch-Mandel\u00f6l (S\u00fc\u00df)<\/li>\n<li>Olive-Gr\u00fcne Meeresalgen<\/li>\n<li>unten liegend, r\u00f6tlicher Klops: Vanille-Milch-Glycerinseife. (Extrem S\u00fc\u00df) Die ist vielleicht noch nicht ganz ausgeh\u00e4rtet? jedenfalls ist die &#8222;wabbelig&#8220;. Und sie riecht am intensivsten! Gratis-Raumbedufting dazu&#8230;<\/li>\n<\/ul>\n<p>Mein Partner hat die beiden s\u00fc\u00df riechenden Seifen ausgesucht, ich den Rest. Habe mir auch heute schon mit der Schwefelseife die Haare <a href=\"https:\/\/www.langhaarnetzwerk.de\/phpBB3\/viewtopic.php?p=1998157#p1998157\" target=\"_blank\">gewaschen<\/a>! Bin auf das Ergebnis morgen gespannt. Es riecht jedenfalls schon sehr nach Schwefel. Naja, passend zu den verschiedenen Events zu Pfingsten, wa! Hust hust&#8230;<\/p>\n<p>Zu Vergleichszwecken habe ich Fotos noch Fotos vorm und nach dem Urlaub anzubieten&#8230;<\/p>\n<p>VORHER (08.04.14)<\/p>\n<p><img decoding=\"async\" alt=\"A7oPLgu.jpg?1\" src=\"https:\/\/i.imgur.com\/A7oPLgu.jpg?1\" \/> &#8212; <img decoding=\"async\" alt=\"g9qWrSD.jpg?1\" src=\"https:\/\/i.imgur.com\/g9qWrSD.jpg?1\" \/> &#8212; <img decoding=\"async\" alt=\"95Nfnyr.jpg?1\" src=\"https:\/\/i.imgur.com\/95Nfnyr.jpg?1\" \/><\/p>\n<p>NACHHER (01.06.14)<\/p>\n<p><img decoding=\"async\" alt=\"VlkT5eq.jpg\" src=\"https:\/\/i.imgur.com\/VlkT5eq.jpg\" \/><\/p>\n<p>Nagut, nicht richtig vergleichbar, einmal drapiert und einmal nicht so wirklich. Ich finde meine Enden werden aber immer mehr Fairy Tale-ig. Mal sehen, ob ich das mag&#8230;<\/p>\n","protected":false},"excerpt":{"rendered":"<p>Meer\/ Salzwasser, Sonne und die lieben Haare Ich bin vor kurzem von 12 Tagen Entspannungsurlaub auf Kreta \u039a\u03c1\u03ae\u03c4\u03b7, Griechenland zur\u00fcckgekehrt. Wir waren im S\u00fcden der Insel, genauer in Pitsidia \u03a0\u03b9\u03c4\u03c3\u03af\u03b4\u03b9\u03b1. Fast t\u00e4glich haben wir kurze Ausfl\u00fcge in die Umgebung unternommen, sind viel umhergewandert und ich bin auch oft ins Meer gesprungen. Haartechnisch habe ich mir &hellip; <a href=\"https:\/\/userblogs.fu-berlin.de\/sonia\/2014\/06\/16\/527\/\" class=\"more-link\"><span class=\"screen-reader-text\">\u201e\u201c<\/span> weiterlesen<\/a><\/p>\n","protected":false},"author":36,"featured_media":0,"comment_status":"open","ping_status":"open","sticky":false,"template":"","format":"standard","meta":{"footnotes":""},"categories":[1],"tags":[],"class_list":["post-527","post","type-post","status-publish","format-standard","hentry","category-allgemein"],"_links":{"self":[{"href":"https:\/\/userblogs.fu-berlin.de\/sonia\/wp-json\/wp\/v2\/posts\/527","targetHints":{"allow":["GET"]}}],"collection":[{"href":"https:\/\/userblogs.fu-berlin.de\/sonia\/wp-json\/wp\/v2\/posts"}],"about":[{"href":"https:\/\/userblogs.fu-berlin.de\/sonia\/wp-json\/wp\/v2\/types\/post"}],"author":[{"embeddable":true,"href":"https:\/\/userblogs.fu-berlin.de\/sonia\/wp-json\/wp\/v2\/users\/36"}],"replies":[{"embeddable":true,"href":"https:\/\/userblogs.fu-berlin.de\/sonia\/wp-json\/wp\/v2\/comments?post=527"}],"version-history":[{"count":2,"href":"https:\/\/userblogs.fu-berlin.de\/sonia\/wp-json\/wp\/v2\/posts\/527\/revisions"}],"predecessor-version":[{"id":529,"href":"https:\/\/userblogs.fu-berlin.de\/sonia\/wp-json\/wp\/v2\/posts\/527\/revisions\/529"}],"wp:attachment":[{"href":"https:\/\/userblogs.fu-berlin.de\/sonia\/wp-json\/wp\/v2\/media?parent=527"}],"wp:term":[{"taxonomy":"category","embeddable":true,"href":"https:\/\/userblogs.fu-berlin.de\/sonia\/wp-json\/wp\/v2\/categories?post=527"},{"taxonomy":"post_tag","embeddable":true,"href":"https:\/\/userblogs.fu-berlin.de\/sonia\/wp-json\/wp\/v2\/tags?post=527"}],"curies":[{"name":"wp","href":"https:\/\/api.w.org\/{rel}","templated":true}]}}