{"id":12,"date":"2017-06-06T00:51:23","date_gmt":"2017-06-05T22:51:23","guid":{"rendered":"https:\/\/userblogs.fu-berlin.de\/theaitet\/?p=12"},"modified":"2017-06-06T00:51:23","modified_gmt":"2017-06-05T22:51:23","slug":"mein-blog","status":"publish","type":"post","link":"https:\/\/userblogs.fu-berlin.de\/theaitet\/2017\/06\/06\/mein-blog\/","title":{"rendered":"Mein Blog"},"content":{"rendered":"<p>Willkommen in meinem Blog! Hier kommentiere ich Aktuelles &#8212; Reden, Interviews, politische und soziale Ph\u00e4nomene im Dialog mit fr\u00fcheren Denkern, Philosophen, Rhetorikern oder Wissenschaftstheoretikern.<\/p>\n<p>Welche L\u00f6sungen bietet Aristoteles dazu an? Wie analysiert Platon solche Verhaltensweisen? Was ist die Meinung Kants dazu? Welche antike oder neuzeitliche Theorie und welche Praxis der Rhetorik &#8212; Rhetorik verstanden als Technik des Kommunizierens &#8212; steht hinter einer Rede oder \u00c4u\u00dferung? Das gibt eine neue Perspektive auf aktuelle Fragen oder Ratlosigkeiten und hilft bei der Einordnung.<\/p>\n<p>Es gibt heute einen wichtigen Stachel daf\u00fcr, daran zu erinnern, dass die Geschichte von Rhetorik und Philosophie nicht nur als etwas interessant ist, das l\u00e4ngst vergangen ist: Und dieser Stachel ist die Tatsache, dass es heute Gruppen und Orte gibt, in denen man es sich leisten kann, Fakten zu leugnen, eigene Fakten zu erfinden, ja, \u00fcberhaupt zu bestreiten, dass es einen Unterschied macht, ob etwas wahr ist oder nicht, ob es zutrifft oder nicht.<\/p>\n<p>Wir m\u00fcssen hierzu nicht ratlos die Schultern zucken und meinen, dazu k\u00f6nne man ja gar nichts mehr sagen. Denn die Denker und ihre Texte, die aus der Antike und anderen sp\u00e4teren Zeiten \u00fcberliefert sind, sagen gerade zu dieser postfaktischen Situation, zu dieser Haltung vieles. Wir finden hier Antworten und Strategien, die aus der Ratlosigkeit, griechisch: Aporie, heraushelfen k\u00f6nnen. Es ist Zeit, dieses Potential noch mehr zu nutzen!<\/p>\n","protected":false},"excerpt":{"rendered":"<p>Willkommen in meinem Blog! Hier kommentiere ich Aktuelles &#8212; Reden, Interviews, politische und soziale Ph\u00e4nomene im Dialog mit fr\u00fcheren Denkern, Philosophen, Rhetorikern oder Wissenschaftstheoretikern. Welche L\u00f6sungen bietet Aristoteles dazu an? Wie analysiert Platon solche Verhaltensweisen? Was ist die Meinung Kants &hellip; <a href=\"https:\/\/userblogs.fu-berlin.de\/theaitet\/2017\/06\/06\/mein-blog\/\">Weiterlesen <span class=\"meta-nav\">&rarr;<\/span><\/a><\/p>\n","protected":false},"author":1852,"featured_media":0,"comment_status":"open","ping_status":"open","sticky":true,"template":"","format":"standard","meta":{"footnotes":""},"categories":[91],"tags":[235752,234131,235097,235470,234506,234948,234661,121],"class_list":["post-12","post","type-post","status-publish","format-standard","hentry","category-allgemein","tag-aristoteles","tag-fakten","tag-philosophie","tag-platon","tag-postfaktisch","tag-rhetorik","tag-wahrheit","tag-wissen"],"_links":{"self":[{"href":"https:\/\/userblogs.fu-berlin.de\/theaitet\/wp-json\/wp\/v2\/posts\/12","targetHints":{"allow":["GET"]}}],"collection":[{"href":"https:\/\/userblogs.fu-berlin.de\/theaitet\/wp-json\/wp\/v2\/posts"}],"about":[{"href":"https:\/\/userblogs.fu-berlin.de\/theaitet\/wp-json\/wp\/v2\/types\/post"}],"author":[{"embeddable":true,"href":"https:\/\/userblogs.fu-berlin.de\/theaitet\/wp-json\/wp\/v2\/users\/1852"}],"replies":[{"embeddable":true,"href":"https:\/\/userblogs.fu-berlin.de\/theaitet\/wp-json\/wp\/v2\/comments?post=12"}],"version-history":[{"count":4,"href":"https:\/\/userblogs.fu-berlin.de\/theaitet\/wp-json\/wp\/v2\/posts\/12\/revisions"}],"predecessor-version":[{"id":31,"href":"https:\/\/userblogs.fu-berlin.de\/theaitet\/wp-json\/wp\/v2\/posts\/12\/revisions\/31"}],"wp:attachment":[{"href":"https:\/\/userblogs.fu-berlin.de\/theaitet\/wp-json\/wp\/v2\/media?parent=12"}],"wp:term":[{"taxonomy":"category","embeddable":true,"href":"https:\/\/userblogs.fu-berlin.de\/theaitet\/wp-json\/wp\/v2\/categories?post=12"},{"taxonomy":"post_tag","embeddable":true,"href":"https:\/\/userblogs.fu-berlin.de\/theaitet\/wp-json\/wp\/v2\/tags?post=12"}],"curies":[{"name":"wp","href":"https:\/\/api.w.org\/{rel}","templated":true}]}}